{"id":1968,"date":"2025-07-27T15:45:04","date_gmt":"2025-07-27T13:45:04","guid":{"rendered":"http:\/\/www.drk-elkenroth.de\/?p=1968"},"modified":"2025-08-17T17:19:23","modified_gmt":"2025-08-17T15:19:23","slug":"kfz-marsch-der-seg-transport-3","status":"publish","type":"post","link":"http:\/\/www.drk-elkenroth.de\/?p=1968","title":{"rendered":"KFZ-Marsch der SEG Transport 3"},"content":{"rendered":"<figure class=\"wp-block-post-featured-image\"><img loading=\"lazy\" decoding=\"async\" width=\"539\" height=\"464\" src=\"http:\/\/www.drk-elkenroth.de\/wp-content\/uploads\/Screenshot_20250726_140002_Facebook-e1755443553113.jpg\" class=\"attachment-post-thumbnail size-post-thumbnail wp-post-image\" alt=\"\" style=\"object-fit:cover;\" srcset=\"http:\/\/www.drk-elkenroth.de\/wp-content\/uploads\/Screenshot_20250726_140002_Facebook-e1755443553113.jpg 539w, http:\/\/www.drk-elkenroth.de\/wp-content\/uploads\/Screenshot_20250726_140002_Facebook-e1755443553113-300x258.jpg 300w\" sizes=\"(max-width: 539px) 100vw, 539px\" \/><\/figure>\n\n\n<div class=\"wp-block-columns is-layout-flex wp-container-core-columns-is-layout-1 wp-block-columns-is-layout-flex\">\n<div class=\"wp-block-column is-vertically-aligned-center is-layout-flow wp-block-column-is-layout-flow\" style=\"flex-basis:50%\">\n<p>Am 26.07.2025 haben wir zusammen mit unseren Kameradinnen und Kameraden aus Daaden, Herdorf und Betzdorf einen KFZ-Marsch absolviert. <\/p>\n<\/div>\n\n\n\n<div class=\"wp-block-column is-layout-flow wp-block-column-is-layout-flow\">\n<figure class=\"wp-block-video\"><video controls src=\"http:\/\/www.drk-elkenroth.de\/wp-content\/uploads\/IMG_8608.mov\"><\/video><\/figure>\n<\/div>\n<\/div>\n\n\n\n<div class=\"wp-block-group is-vertical is-layout-flex wp-container-core-group-is-layout-1 wp-block-group-is-layout-flex\">\n<p>Von Betzdorf aus ging es im geschlossenen Verband nach Grafschaft zum dort ans\u00e4ssigen Ortsverein. Mit zwei kleinen Pausen zwischendurch kamen wir Mittags an und st\u00e4rkten uns bei einem gemeinsamen Grillen. Nach einem regen Austausch untereinander ging es wieder im geschlossenen Verband in die Heimat zur\u00fcck.<\/p>\n\n\n\n<p>Danke an alle Beteiligten und vor allem an die Organisatoren J\u00f6rg und Justin f\u00fcr die Planung und dem OV Grafschaft f\u00fcr den freundlichen Empfang.<\/p>\n<\/div>\n\n\n\n<p><\/p>\n\n\n\n<p><\/p>\n","protected":false},"excerpt":{"rendered":"<p>Am 26.07.2025 haben wir zusammen mit unseren Kameradinnen und Kameraden aus Daaden, Herdorf und Betzdorf einen KFZ-Marsch absolviert. Von Betzdorf aus ging es im geschlossenen Verband nach Grafschaft zum dort ans\u00e4ssigen Ortsverein. Mit zwei kleinen Pausen zwischendurch kamen wir Mittags an und st\u00e4rkten uns bei einem gemeinsamen Grillen. Nach einem<a href=\"http:\/\/www.drk-elkenroth.de\/?p=1968\"><\/p>\n<p>mehr lesen&#8230;<\/a><\/p>\n","protected":false},"author":1,"featured_media":1973,"comment_status":"open","ping_status":"closed","sticky":false,"template":"","format":"standard","meta":{"footnotes":""},"categories":[1],"tags":[],"class_list":["post-1968","post","type-post","status-publish","format-standard","has-post-thumbnail","hentry","category-allgemein"],"_links":{"self":[{"href":"http:\/\/www.drk-elkenroth.de\/index.php?rest_route=\/wp\/v2\/posts\/1968"}],"collection":[{"href":"http:\/\/www.drk-elkenroth.de\/index.php?rest_route=\/wp\/v2\/posts"}],"about":[{"href":"http:\/\/www.drk-elkenroth.de\/index.php?rest_route=\/wp\/v2\/types\/post"}],"author":[{"embeddable":true,"href":"http:\/\/www.drk-elkenroth.de\/index.php?rest_route=\/wp\/v2\/users\/1"}],"replies":[{"embeddable":true,"href":"http:\/\/www.drk-elkenroth.de\/index.php?rest_route=%2Fwp%2Fv2%2Fcomments&post=1968"}],"version-history":[{"count":30,"href":"http:\/\/www.drk-elkenroth.de\/index.php?rest_route=\/wp\/v2\/posts\/1968\/revisions"}],"predecessor-version":[{"id":2038,"href":"http:\/\/www.drk-elkenroth.de\/index.php?rest_route=\/wp\/v2\/posts\/1968\/revisions\/2038"}],"wp:featuredmedia":[{"embeddable":true,"href":"http:\/\/www.drk-elkenroth.de\/index.php?rest_route=\/wp\/v2\/media\/1973"}],"wp:attachment":[{"href":"http:\/\/www.drk-elkenroth.de\/index.php?rest_route=%2Fwp%2Fv2%2Fmedia&parent=1968"}],"wp:term":[{"taxonomy":"category","embeddable":true,"href":"http:\/\/www.drk-elkenroth.de\/index.php?rest_route=%2Fwp%2Fv2%2Fcategories&post=1968"},{"taxonomy":"post_tag","embeddable":true,"href":"http:\/\/www.drk-elkenroth.de\/index.php?rest_route=%2Fwp%2Fv2%2Ftags&post=1968"}],"curies":[{"name":"wp","href":"https:\/\/api.w.org\/{rel}","templated":true}]}}