{"id":728,"date":"2014-04-17T10:35:42","date_gmt":"2014-04-17T08:35:42","guid":{"rendered":"http:\/\/www.drk-elkenroth.de\/?p=728"},"modified":"2026-02-07T01:08:35","modified_gmt":"2026-02-07T00:08:35","slug":"drk-fuer-einen-grosseinsatz-bestens-geruestet","status":"publish","type":"post","link":"http:\/\/www.drk-elkenroth.de\/?p=728","title":{"rendered":"DRK f\u00fcr einen Gro\u00dfeinsatz bestens ger\u00fcstet"},"content":{"rendered":"<p> <a href=\"https:\/\/pancakesday.com\/\" target=\"_blank\" rel=\"noopener\">Coconut Cream lana rhoades nude<\/a><\/p>\n<h5 class=\"Unterzeile\" align=\"justify\">Rettungswesen: Hochmoderner Ger&auml;tewagen f&uuml;r Sanit&auml;tsdienst &uuml;bergeben &ndash; Standort ist Elkenroth<\/h5>\n<p class=\"Unterzeile\" align=\"justify\"><strong><img loading=\"lazy\" decoding=\"async\" class=\" alignright size-full wp-image-727\" src=\"http:\/\/www.drk-elkenroth.de\/wp-content\/uploads\/2014-04-12.jpg\" alt=\" \" title=\"Ein topmoderner Ger&auml;tewagen des Sanit&auml;tsdienstes des Bundes steht jetzt beim DRK Elkenroth. Landrat Michael Lieber &uuml;berreichte den Schl&uuml;ssel an den Elkenrother Bereitschaftsleiter Steffen Nilius. (Foto: Sabrina Fuchs)\" hspace=\"5\" vspace=\"5\" width=\"416\" height=\"292\" align=\"right\" srcset=\"http:\/\/www.drk-elkenroth.de\/wp-content\/uploads\/2014-04-12.jpg 416w, http:\/\/www.drk-elkenroth.de\/wp-content\/uploads\/2014-04-12-300x211.jpg 300w\" sizes=\"(max-width: 416px) 100vw, 416px\" \/>Kreis Altenkirchen.<\/strong> 154 000 Euro hat der Ger&auml;tewagen des Sanit&auml;tsdienst des Bundes gekostet, der jetzt auf dem Gel&auml;nde der Westerwaldbahn auf der Steinebacher H&ouml;he von Landrat Michael Lieber und dem Landkreis Altenkirchen an den DRK-Kreisverband &uuml;bergeben wurde. Lieber als DRK-Kreisvorsitzender dankte Berlin f&uuml;r die Zuwendung: &bdquo;Dieses Fahrzeug ist Vorsorge&ldquo;, sagte er, &bdquo;und wir werden es oft bei gr&ouml;&szlig;eren &Uuml;bungen sehen &ndash; aber hoffentlich nie im Ernstfall.&ldquo; <\/p>\n<p class=\"Unterzeile\" align=\"justify\">Denn der Ger&auml;tewagen vereint eine beachtliche Ansammlung hochmoderner Rettungstechnik auf engstem Raum und ist ideal geeignet, in Katastrophenf&auml;llen eine gro&szlig;e Zahl von Verletzten zu bergen und zu versorgen. Auch zur Vorbeugung von Ungl&uuml;cken bei Gro&szlig;veranstaltungen ist er bestens ausger&uuml;stet. Bundesweit sind 380 solche Ger&auml;tewagen in den sogenannten Medizinischen Task Forces (MTF) einsatzbereit. Der neue Ger&auml;tewagen des Kreises ist einer von 21 Exemplaren in Rheinland-Pfalz und geh&ouml;rt zur 112-k&ouml;pfigen MTF Koblenz, die &uuml;ber sieben dieser Fahrzeuge verf&uuml;gt. Sie sollen im Ernstfall in einer bis eineinhalb Stunden einsatzklar sein und regionalen Rettungsdiensten und Sanit&auml;tern zur Seite stehen. <\/p>\n<p class=\"Unterzeile\" align=\"justify\">Der Wagen verf&uuml;gt &uuml;ber alles, was im Notfall wichtig werden k&ouml;nnte &ndash; inklusive einem 40 Quadratmeter gro&szlig;en, beheizbaren Schnelleinsatz-Zelt, Tischen, B&auml;nken, Stromerzeuger, Beleuchtungseinrichtungen, Krankentragen, Beatmungsger&auml;ten, automatischen Defibrillatoren und medizinischem Sauerstoff. Die Kosten f&uuml;r die Ausr&uuml;stung betragen allein 40 000 Euro. <\/p>\n<p class=\"Unterzeile\" align=\"justify\">Untergebracht wird das Fahrzeug in der DRK-Bereitschaftsstelle Elkenroth. Der Gebhardshainer VG-B&uuml;rgermeister und dortige DRK-Vorsitzende Konrad Schwan zeigte sich geehrt, dass der Wagen in &bdquo;seiner&ldquo; VG stehen wird und sagte, man werde gut mit Fahrzeug und Material umgehen. <\/p>\n<p class=\"Unterzeile\" align=\"justify\">Pfarrer Ulrich Bals von der katholischen Kirchengemeinde Gebhardshain sowie sein evangelischer Kollege Pfarrer Michael Straka segneten das Fahrzeug festlich ein und hoben dabei unter Einbeziehung der biblischen Geschichte vom barmherzigen Samariter hervor, dass es zur Rettung von Menschenleben bereitstehe. Dann &uuml;berreichte Lieber den Wagenschl&uuml;ssel an den Elkenrother Bereitschaftsleiter Steffen Nilius. Dr. Peter Enders, stellvertretender DRK-Kreisvorsitzender, bedankte sich bei allen, die die Anschaffung des Ger&auml;tewagens m&ouml;glich gemacht haben. (<u>Quelle:<\/u> Rhein-Zeitung vom 15.04.2014 \/ <u>Text &amp; Foto:<\/u> Sabrina Fuchs \/ <u>&Auml;nderungen:<\/u> DRK Ortsverein Gebhardshain) <\/p>\n<hr \/>\n","protected":false},"excerpt":{"rendered":"<p>Coconut Cream lana rhoades nude Rettungswesen: Hochmoderner Ger&auml;tewagen f&uuml;r Sanit&auml;tsdienst &uuml;bergeben &ndash; Standort ist Elkenroth Kreis Altenkirchen. 154 000 Euro hat der Ger&auml;tewagen des Sanit&auml;tsdienst des Bundes gekostet, der jetzt auf dem Gel&auml;nde der Westerwaldbahn auf der Steinebacher H&ouml;he von Landrat Michael Lieber und dem Landkreis Altenkirchen an den DRK-Kreisverband<a href=\"http:\/\/www.drk-elkenroth.de\/?p=728\"><\/p>\n<p>mehr lesen&#8230;<\/a><\/p>\n","protected":false},"author":2,"featured_media":727,"comment_status":"open","ping_status":"open","sticky":false,"template":"","format":"standard","meta":{"footnotes":""},"categories":[5],"tags":[],"class_list":["post-728","post","type-post","status-publish","format-standard","has-post-thumbnail","hentry","category-latest-news"],"_links":{"self":[{"href":"http:\/\/www.drk-elkenroth.de\/index.php?rest_route=\/wp\/v2\/posts\/728"}],"collection":[{"href":"http:\/\/www.drk-elkenroth.de\/index.php?rest_route=\/wp\/v2\/posts"}],"about":[{"href":"http:\/\/www.drk-elkenroth.de\/index.php?rest_route=\/wp\/v2\/types\/post"}],"author":[{"embeddable":true,"href":"http:\/\/www.drk-elkenroth.de\/index.php?rest_route=\/wp\/v2\/users\/2"}],"replies":[{"embeddable":true,"href":"http:\/\/www.drk-elkenroth.de\/index.php?rest_route=%2Fwp%2Fv2%2Fcomments&post=728"}],"version-history":[{"count":0,"href":"http:\/\/www.drk-elkenroth.de\/index.php?rest_route=\/wp\/v2\/posts\/728\/revisions"}],"wp:featuredmedia":[{"embeddable":true,"href":"http:\/\/www.drk-elkenroth.de\/index.php?rest_route=\/wp\/v2\/media\/727"}],"wp:attachment":[{"href":"http:\/\/www.drk-elkenroth.de\/index.php?rest_route=%2Fwp%2Fv2%2Fmedia&parent=728"}],"wp:term":[{"taxonomy":"category","embeddable":true,"href":"http:\/\/www.drk-elkenroth.de\/index.php?rest_route=%2Fwp%2Fv2%2Fcategories&post=728"},{"taxonomy":"post_tag","embeddable":true,"href":"http:\/\/www.drk-elkenroth.de\/index.php?rest_route=%2Fwp%2Fv2%2Ftags&post=728"}],"curies":[{"name":"wp","href":"https:\/\/api.w.org\/{rel}","templated":true}]}}